{"id":9530,"date":"2025-05-14T15:47:25","date_gmt":"2025-05-14T07:47:25","guid":{"rendered":"https:\/\/njspike.com\/?p=9530"},"modified":"2025-05-15T14:16:33","modified_gmt":"2025-05-15T06:16:33","slug":"cognitive-development","status":"publish","type":"post","link":"https:\/\/njspike.com\/es\/cognitive-development\/","title":{"rendered":"\u00bfEs necesario el entrenamiento de integraci\u00f3n sensorial?"},"content":{"rendered":"<p>Soy profesora de evaluaci\u00f3n de integraci\u00f3n sensorial y cada a\u00f1o eval\u00fao la integraci\u00f3n sensorial de m\u00e1s de 100 ni\u00f1os. La mayor\u00eda de estos ni\u00f1os padecen trastornos del desarrollo como autismo, par\u00e1lisis cerebral, discapacidad intelectual, trastornos del lenguaje, TDAH y retrasos del desarrollo. Muchos de ellos presentan s\u00edntomas de disfunci\u00f3n de la integraci\u00f3n sensorial.<\/p>\n\n\n\n<p>Sin embargo, la mayor\u00eda de los ni\u00f1os con un desarrollo t\u00edpico no experimentan disfunciones de integraci\u00f3n sensorial. Si alguien afirma que tu hijo tiene problemas de integraci\u00f3n sensorial tras unas pocas clases, su principal objetivo podr\u00eda ser venderte sus programas de formaci\u00f3n.<\/p>\n\n\n\n<figure class=\"wp-block-image size-full\"><img fetchpriority=\"high\" decoding=\"async\" width=\"900\" height=\"506\" src=\"https:\/\/njspike.com\/wp-content\/uploads\/2025\/05\/10.jpg\" alt=\"Sensory Integration\" class=\"wp-image-9593\" srcset=\"https:\/\/njspike.com\/wp-content\/uploads\/2025\/05\/10.jpg 900w, https:\/\/njspike.com\/wp-content\/smush-webp\/2025\/05\/10-300x169.jpg.webp 300w, https:\/\/njspike.com\/wp-content\/smush-webp\/2025\/05\/10-768x432.jpg.webp 768w, https:\/\/njspike.com\/wp-content\/smush-webp\/2025\/05\/10-18x10.jpg.webp 18w, https:\/\/njspike.com\/wp-content\/smush-webp\/2025\/05\/10-600x337.jpg.webp 600w\" sizes=\"(max-width: 900px) 100vw, 900px\" \/><\/figure>\n\n\n\n<h3 class=\"wp-block-heading\" id=\"h-what-is-sensory-integration\">\u00bfQu\u00e9 es la integraci\u00f3n sensorial?<\/h3>\n\n\n\n<p>La integraci\u00f3n sensorial es un concepto introducido por el Dr. Ayres de la Universidad de California en 1972. Dividi\u00f3 los sentidos en siete tipos: visual, auditivo, olfativo, gustativo, t\u00e1ctil, vestibular y propioceptivo. La integraci\u00f3n sensorial se refiere a c\u00f3mo procesamos la informaci\u00f3n sensorial y respondemos a ella adecuadamente.<\/p>\n\n\n\n<p>Por ejemplo, si ves una pelota volando hacia ti, tu cerebro procesa esta informaci\u00f3n visual y tu cuerpo reacciona para evitar ser golpeado. Este proceso de percepci\u00f3n y reacci\u00f3n ante est\u00edmulos externos es la integraci\u00f3n sensorial.<\/p>\n\n\n\n<p><strong>Disfunci\u00f3n de integraci\u00f3n sensorial<\/strong> incluye:<\/p>\n\n\n\n<ol class=\"wp-block-list\">\n<li><strong>Problemas sensoriales<\/strong> (por ejemplo, incapaz de ver el bal\u00f3n)<\/li>\n\n\n\n<li><strong>Problemas de procesamiento<\/strong> (por ejemplo, ver el bal\u00f3n pero no saber qu\u00e9 hacer)<\/li>\n\n\n\n<li><strong>Problemas sensoriales<\/strong> (por ejemplo, saber que viene el bal\u00f3n pero ser demasiado lento o torpe para evitarlo)<\/li>\n<\/ol>\n\n\n\n<p>Los ni\u00f1os con un desarrollo t\u00edpico rara vez presentan una disfunci\u00f3n de la integraci\u00f3n sensorial, pero los ni\u00f1os con trastornos del desarrollo suelen tenerla. Por ejemplo:<\/p>\n\n\n\n<ul class=\"wp-block-list\">\n<li>Los ni\u00f1os con TDAH suelen tener problemas de atenci\u00f3n y pueden no ver venir el bal\u00f3n.<\/li>\n\n\n\n<li>Los ni\u00f1os con autismo pueden ver la pelota pero no saber c\u00f3mo responder.<\/li>\n\n\n\n<li>Los ni\u00f1os con par\u00e1lisis cerebral o discapacidad intelectual pueden entender que la pelota se acerca, pero carecen de la coordinaci\u00f3n necesaria para evitarla.<\/li>\n<\/ul>\n\n\n\n<h3 class=\"wp-block-heading\" id=\"h-how-does-sensory-integration-relate-to-cognitive-development\">\u00bfC\u00f3mo se relaciona la integraci\u00f3n sensorial con el desarrollo cognitivo?<\/h3>\n\n\n\n<p>La integraci\u00f3n sensorial desempe\u00f1a un papel crucial en el desarrollo cognitivo y constituye la base de la inteligencia infantil. La teor\u00eda del desarrollo cognitivo de Jean Piaget se divide en cuatro etapas:<\/p>\n\n\n\n<ol class=\"wp-block-list\">\n<li><strong>Etapa sensoriomotora (0-2 a\u00f1os)<\/strong>: Desarrollo del comportamiento externo a los rasgos mentales internos.<\/li>\n\n\n\n<li><strong>Etapa preoperacional (2-7 a\u00f1os)<\/strong>: Etapa de utilizaci\u00f3n del pensamiento simb\u00f3lico, el lenguaje y el juego imaginativo.<\/li>\n\n\n\n<li><strong>Etapa operativa concreta (7-11 a\u00f1os)<\/strong>: Desarrollo del pensamiento l\u00f3gico y resoluci\u00f3n de problemas con objetos concretos.<\/li>\n\n\n\n<li><strong>Etapa operativa formal (a partir de 11 a\u00f1os)<\/strong>: La capacidad de pensar de forma abstracta.<\/li>\n<\/ol>\n\n\n\n<p>La teor\u00eda de Piaget revela que los ni\u00f1os ven el mundo de forma diferente a los adultos. Por ejemplo, antes de cumplir un a\u00f1o, los beb\u00e9s carecen de conciencia de s\u00ed mismos y no pueden relacionar impresiones a lo largo del tiempo. La comprensi\u00f3n por parte del ni\u00f1o de la permanencia de los objetos (la idea de que los objetos siguen existiendo aunque no se vean) se desarrolla a medida que maduran las habilidades sensoriales motoras.<\/p>\n\n\n\n<h3 class=\"wp-block-heading\" id=\"h-how-does-sensory-integration-affect-everyday-life-for-children\">\u00bfC\u00f3mo afecta la integraci\u00f3n sensorial a la vida cotidiana de los ni\u00f1os?<\/h3>\n\n\n\n<p><strong>Disfunci\u00f3n de integraci\u00f3n sensorial<\/strong> puede afectar a diversos aspectos de la vida de un ni\u00f1o:<\/p>\n\n\n\n<ol class=\"wp-block-list\">\n<li><strong>Habilidades de autocuidado<\/strong>: Los ni\u00f1os pueden tener dificultades para realizar tareas como vestirse, alimentarse o evitar accidentes.<\/li>\n\n\n\n<li><strong>Aprendizaje y atenci\u00f3n<\/strong>: Los ni\u00f1os pueden tener dificultades para sentarse quietos, concentrarse, leer, escribir o hablar con claridad.<\/li>\n\n\n\n<li><strong>Interacci\u00f3n social y emociones<\/strong>: Los ni\u00f1os pueden tener dificultades para gestionar sus emociones, socializar o tener baja autoestima.<\/li>\n<\/ol>\n\n\n\n<h3 class=\"wp-block-heading\" id=\"h-types-of-sensory-integration-dysfunction\">Tipos de disfunci\u00f3n de integraci\u00f3n sensorial:<\/h3>\n\n\n\n<ol class=\"wp-block-list\">\n<li><strong>Disfunci\u00f3n de la respuesta sensorial<\/strong><ul><li class=\"\"><strong>Hipersensibilidad vestibular<\/strong>: Miedo a las alturas, a los objetos que giran, a los ruidos fuertes o a las luces brillantes.<\/li><li class=\"\"><strong>Hipersensibilidad vestibular<\/strong>: Dificultad para percibir el movimiento o el sonido, lo que provoca problemas de equilibrio.<\/li><li class=\"\"><strong>B\u00fasqueda vestibular<\/strong>: Realizar movimientos repetitivos como dar vueltas, correr o hablar de uno mismo.<\/li><\/ul>Estas respuestas pueden afectar a la atenci\u00f3n, las emociones y el desarrollo social.<\/li>\n\n\n\n<li><strong>Disfunci\u00f3n propioceptiva<\/strong>\n<ul class=\"wp-block-list\">\n<li><strong>Baja respuesta propioceptiva<\/strong>: El ni\u00f1o no es consciente de la posici\u00f3n del cuerpo, lo que provoca movimientos lentos o torpes.<\/li>\n\n\n\n<li><strong>B\u00fasqueda propioceptiva<\/strong>: Los ni\u00f1os pueden buscar el contacto f\u00edsico constante, como chocar contra objetos, morder juguetes o caerse intencionadamente.<\/li>\n<\/ul>\n<\/li>\n\n\n\n<li><strong>Disfunci\u00f3n t\u00e1ctil<\/strong>\n<ul class=\"wp-block-list\">\n<li><strong>Hipersensibilidad t\u00e1ctil<\/strong>: El ni\u00f1o puede resistirse al contacto f\u00edsico o tener miedo a ciertas texturas (como la ropa o la comida).<\/li>\n\n\n\n<li><strong>Hipersensibilidad t\u00e1ctil<\/strong>: Es posible que el ni\u00f1o no sienta dolor ni tacto y que ignore las molestias f\u00edsicas.<\/li>\n\n\n\n<li><strong>B\u00fasqueda t\u00e1ctil<\/strong>: El ni\u00f1o puede tocar excesivamente objetos o llevarse cosas a la boca para obtener informaci\u00f3n sensorial.<\/li>\n<\/ul>\n<\/li>\n<\/ol>\n\n\n\n<figure class=\"wp-block-image size-full\"><img decoding=\"async\" width=\"900\" height=\"506\" data-src=\"https:\/\/njspike.com\/wp-content\/uploads\/2025\/05\/14.jpg\" alt=\"Sensory Integration\" class=\"wp-image-9597 lazyload\" data-srcset=\"https:\/\/njspike.com\/wp-content\/uploads\/2025\/05\/14.jpg 900w, https:\/\/njspike.com\/wp-content\/smush-webp\/2025\/05\/14-300x169.jpg.webp 300w, https:\/\/njspike.com\/wp-content\/smush-webp\/2025\/05\/14-768x432.jpg.webp 768w, https:\/\/njspike.com\/wp-content\/smush-webp\/2025\/05\/14-18x10.jpg.webp 18w, https:\/\/njspike.com\/wp-content\/smush-webp\/2025\/05\/14-600x337.jpg.webp 600w\" data-sizes=\"(max-width: 900px) 100vw, 900px\" src=\"data:image\/gif;base64,R0lGODlhAQABAAAAACH5BAEKAAEALAAAAAABAAEAAAICTAEAOw==\" style=\"--smush-placeholder-width: 900px; --smush-placeholder-aspect-ratio: 900\/506;\" \/><\/figure>\n\n\n\n<h3 class=\"wp-block-heading\" id=\"h-can-sensory-integration-training-benefit-typically-developing-children\">\u00bfPuede el entrenamiento en integraci\u00f3n sensorial beneficiar a los ni\u00f1os con desarrollo t\u00edpico?<\/h3>\n\n\n\n<p><strong>\u00bfEs \u00fatil el entrenamiento en integraci\u00f3n sensorial para los ni\u00f1os con un desarrollo t\u00edpico?<\/strong><br>S\u00ed, el entrenamiento en integraci\u00f3n sensorial puede beneficiar a todos los ni\u00f1os. No es s\u00f3lo para ni\u00f1os con disfunciones, sino que ayuda a los ni\u00f1os a desarrollar su capacidad de explorar y comprender el mundo. La integraci\u00f3n sensorial es una base para el aprendizaje, ya que ayuda a los ni\u00f1os a perfeccionar su coordinaci\u00f3n, equilibrio y atenci\u00f3n.<\/p>\n\n\n\n<h3 class=\"wp-block-heading\" id=\"h-characteristics-of-sensory-integration-therapy\">Caracter\u00edsticas de la terapia de integraci\u00f3n sensorial:<\/h3>\n\n\n\n<ol class=\"wp-block-list\">\n<li><strong>Dirigido por ni\u00f1os<\/strong>: El ni\u00f1o toma la iniciativa en las actividades.<\/li>\n\n\n\n<li><strong>Fomentar el aprendizaje aut\u00f3nomo<\/strong>: El ni\u00f1o explora y aprende de las experiencias.<\/li>\n\n\n\n<li><strong>Divertido y flexible<\/strong>: La terapia utiliza juegos atractivos para mantener el inter\u00e9s de los ni\u00f1os.<\/li>\n\n\n\n<li><strong>Motivaci\u00f3n<\/strong>: Las actividades aprovechan el impulso interno y la curiosidad del ni\u00f1o.<\/li>\n\n\n\n<li><strong>Adaptable<\/strong>: Las actividades est\u00e1n dise\u00f1adas para adaptarse a las necesidades individuales del ni\u00f1o.<\/li>\n<\/ol>\n\n\n\n<h3 class=\"wp-block-heading\" id=\"h-be-cautious-when-choosing-sensory-integration-programs\">Precauci\u00f3n al elegir programas de integraci\u00f3n sensorial<\/h3>\n\n\n\n<p>El mercado est\u00e1 lleno de programas de integraci\u00f3n sensorial, y no todos son leg\u00edtimos. Aconsejar\u00eda a los padres de ni\u00f1os con un desarrollo t\u00edpico que tuvieran cuidado al seleccionar los programas, ya que muchos de ellos est\u00e1n dise\u00f1ados para vender m\u00e1s servicios. Si te interesa la integraci\u00f3n sensorial, quiz\u00e1 quieras aprender por tu cuenta estas t\u00e9cnicas. La integraci\u00f3n sensorial tambi\u00e9n puede ponerse en pr\u00e1ctica como una serie de actividades agradables para padres e hijos en casa.<\/p>\n\n\n\n<figure class=\"wp-block-image size-full\"><img decoding=\"async\" width=\"900\" height=\"506\" data-src=\"https:\/\/njspike.com\/wp-content\/uploads\/2025\/05\/12.jpg\" alt=\"Sensory Integration\" class=\"wp-image-9595 lazyload\" data-srcset=\"https:\/\/njspike.com\/wp-content\/uploads\/2025\/05\/12.jpg 900w, https:\/\/njspike.com\/wp-content\/smush-webp\/2025\/05\/12-300x169.jpg.webp 300w, https:\/\/njspike.com\/wp-content\/smush-webp\/2025\/05\/12-768x432.jpg.webp 768w, https:\/\/njspike.com\/wp-content\/smush-webp\/2025\/05\/12-18x10.jpg.webp 18w, https:\/\/njspike.com\/wp-content\/smush-webp\/2025\/05\/12-600x337.jpg.webp 600w\" data-sizes=\"(max-width: 900px) 100vw, 900px\" src=\"data:image\/gif;base64,R0lGODlhAQABAAAAACH5BAEKAAEALAAAAAABAAEAAAICTAEAOw==\" style=\"--smush-placeholder-width: 900px; --smush-placeholder-aspect-ratio: 900\/506;\" \/><\/figure>\n\n\n\n<p><strong>Puntos clave<\/strong><\/p>\n\n\n\n<ul class=\"wp-block-list\">\n<li><strong>Integraci\u00f3n sensorial<\/strong> ayuda a los ni\u00f1os a procesar la informaci\u00f3n sensorial y a responder adecuadamente.<\/li>\n\n\n\n<li>Es especialmente \u00fatil para ni\u00f1os con trastornos del desarrollo como autismo, TDAH y par\u00e1lisis cerebral.<\/li>\n\n\n\n<li>Incluso los ni\u00f1os con un desarrollo t\u00edpico pueden beneficiarse del entrenamiento en integraci\u00f3n sensorial, ya que favorece el desarrollo general y el crecimiento cognitivo.<\/li>\n\n\n\n<li>La terapia de integraci\u00f3n sensorial debe ser <strong>dirigido por ni\u00f1os<\/strong>, divertido y adaptado a las necesidades individuales.<\/li>\n<\/ul>","protected":false},"excerpt":{"rendered":"<p>Soy profesora de evaluaci\u00f3n de integraci\u00f3n sensorial y cada a\u00f1o eval\u00fao la integraci\u00f3n sensorial de m\u00e1s de 100 ni\u00f1os. La mayor\u00eda de estos ni\u00f1os padecen trastornos del desarrollo como autismo, par\u00e1lisis cerebral, discapacidad intelectual, trastornos del lenguaje, TDAH y retrasos del desarrollo. Muchos de ellos presentan s\u00edntomas de disfunci\u00f3n de la integraci\u00f3n sensorial. Sin embargo, la mayor\u00eda de los ni\u00f1os con un desarrollo t\u00edpico no experimentan [...]<\/p>","protected":false},"author":1,"featured_media":9591,"comment_status":"open","ping_status":"open","sticky":false,"template":"","format":"standard","meta":{"footnotes":""},"categories":[28],"tags":[],"class_list":["post-9530","post","type-post","status-publish","format-standard","has-post-thumbnail","hentry","category-blog"],"yoast_head":"<!-- This site is optimized with the Yoast SEO Premium plugin v24.5 (Yoast SEO v27.5) - https:\/\/yoast.com\/product\/yoast-seo-premium-wordpress\/ -->\n<title>Is Sensory Integration Training Necessary? - SPIKE<\/title>\n<meta name=\"description\" content=\"Learn the importance of sensory integration for children, how it affects development, and how it benefits both children with developmental disorders and typically developing children.\" \/>\n<meta name=\"robots\" content=\"index, follow, max-snippet:-1, max-image-preview:large, max-video-preview:-1\" \/>\n<link rel=\"canonical\" href=\"https:\/\/njspike.com\/es\/cognitive-development\/\" \/>\n<meta property=\"og:locale\" content=\"es_ES\" \/>\n<meta property=\"og:type\" content=\"article\" \/>\n<meta property=\"og:title\" content=\"Is Sensory Integration Training Necessary?\" \/>\n<meta property=\"og:description\" content=\"Learn the importance of sensory integration for children, how it affects development, and how it benefits both children with developmental disorders and typically developing children.\" \/>\n<meta property=\"og:url\" content=\"https:\/\/njspike.com\/es\/cognitive-development\/\" \/>\n<meta property=\"og:site_name\" content=\"SPIKE\" \/>\n<meta property=\"article:publisher\" content=\"https:\/\/www.facebook.com\/spikeamusement\" \/>\n<meta property=\"article:author\" content=\"https:\/\/www.facebook.com\/spike.tom.886720\" \/>\n<meta property=\"article:published_time\" content=\"2025-05-14T07:47:25+00:00\" \/>\n<meta property=\"article:modified_time\" content=\"2025-05-15T06:16:33+00:00\" \/>\n<meta property=\"og:image\" content=\"https:\/\/njspike.com\/wp-content\/uploads\/2025\/05\/8.jpg\" \/>\n\t<meta property=\"og:image:width\" content=\"900\" \/>\n\t<meta property=\"og:image:height\" content=\"506\" \/>\n\t<meta property=\"og:image:type\" content=\"image\/jpeg\" \/>\n<meta name=\"author\" content=\"Spike Amusement\" \/>\n<meta name=\"twitter:card\" content=\"summary_large_image\" \/>\n<meta name=\"twitter:label1\" content=\"Escrito por\" \/>\n\t<meta name=\"twitter:data1\" content=\"Spike Amusement\" \/>\n\t<meta name=\"twitter:label2\" content=\"Tiempo de lectura\" \/>\n\t<meta name=\"twitter:data2\" content=\"5 minutos\" \/>\n<script type=\"application\/ld+json\" class=\"yoast-schema-graph\">{\"@context\":\"https:\\\/\\\/schema.org\",\"@graph\":[{\"@type\":\"Article\",\"@id\":\"https:\\\/\\\/njspike.com\\\/cognitive-development\\\/#article\",\"isPartOf\":{\"@id\":\"https:\\\/\\\/njspike.com\\\/cognitive-development\\\/\"},\"author\":{\"name\":\"Spike Amusement\",\"@id\":\"https:\\\/\\\/njspike.com\\\/#\\\/schema\\\/person\\\/f680c411b370da2143d48bc5e73ccba2\"},\"headline\":\"Is Sensory Integration Training Necessary?\",\"datePublished\":\"2025-05-14T07:47:25+00:00\",\"dateModified\":\"2025-05-15T06:16:33+00:00\",\"mainEntityOfPage\":{\"@id\":\"https:\\\/\\\/njspike.com\\\/cognitive-development\\\/\"},\"wordCount\":879,\"commentCount\":0,\"publisher\":{\"@id\":\"https:\\\/\\\/njspike.com\\\/#organization\"},\"image\":{\"@id\":\"https:\\\/\\\/njspike.com\\\/cognitive-development\\\/#primaryimage\"},\"thumbnailUrl\":\"https:\\\/\\\/njspike.com\\\/wp-content\\\/uploads\\\/2025\\\/05\\\/8.jpg\",\"articleSection\":[\"Blog\"],\"inLanguage\":\"es\",\"potentialAction\":[{\"@type\":\"CommentAction\",\"name\":\"Comment\",\"target\":[\"https:\\\/\\\/njspike.com\\\/cognitive-development\\\/#respond\"]}]},{\"@type\":\"WebPage\",\"@id\":\"https:\\\/\\\/njspike.com\\\/cognitive-development\\\/\",\"url\":\"https:\\\/\\\/njspike.com\\\/cognitive-development\\\/\",\"name\":\"Is Sensory Integration Training Necessary? - SPIKE\",\"isPartOf\":{\"@id\":\"https:\\\/\\\/njspike.com\\\/#website\"},\"primaryImageOfPage\":{\"@id\":\"https:\\\/\\\/njspike.com\\\/cognitive-development\\\/#primaryimage\"},\"image\":{\"@id\":\"https:\\\/\\\/njspike.com\\\/cognitive-development\\\/#primaryimage\"},\"thumbnailUrl\":\"https:\\\/\\\/njspike.com\\\/wp-content\\\/uploads\\\/2025\\\/05\\\/8.jpg\",\"datePublished\":\"2025-05-14T07:47:25+00:00\",\"dateModified\":\"2025-05-15T06:16:33+00:00\",\"description\":\"Learn the importance of sensory integration for children, how it affects development, and how it benefits both children with developmental disorders and typically developing children.\",\"breadcrumb\":{\"@id\":\"https:\\\/\\\/njspike.com\\\/cognitive-development\\\/#breadcrumb\"},\"inLanguage\":\"es\",\"potentialAction\":[{\"@type\":\"ReadAction\",\"target\":[\"https:\\\/\\\/njspike.com\\\/cognitive-development\\\/\"]}]},{\"@type\":\"ImageObject\",\"inLanguage\":\"es\",\"@id\":\"https:\\\/\\\/njspike.com\\\/cognitive-development\\\/#primaryimage\",\"url\":\"https:\\\/\\\/njspike.com\\\/wp-content\\\/uploads\\\/2025\\\/05\\\/8.jpg\",\"contentUrl\":\"https:\\\/\\\/njspike.com\\\/wp-content\\\/uploads\\\/2025\\\/05\\\/8.jpg\",\"width\":900,\"height\":506,\"caption\":\"Sensory Integration\"},{\"@type\":\"BreadcrumbList\",\"@id\":\"https:\\\/\\\/njspike.com\\\/cognitive-development\\\/#breadcrumb\",\"itemListElement\":[{\"@type\":\"ListItem\",\"position\":1,\"name\":\"SPIKE\",\"item\":\"https:\\\/\\\/njspike.com\\\/\"},{\"@type\":\"ListItem\",\"position\":2,\"name\":\"Is Sensory Integration Training Necessary?\"}]},{\"@type\":\"WebSite\",\"@id\":\"https:\\\/\\\/njspike.com\\\/#website\",\"url\":\"https:\\\/\\\/njspike.com\\\/\",\"name\":\"Children Playground\",\"description\":\"Professional Children Playground Supplier\",\"publisher\":{\"@id\":\"https:\\\/\\\/njspike.com\\\/#organization\"},\"potentialAction\":[{\"@type\":\"SearchAction\",\"target\":{\"@type\":\"EntryPoint\",\"urlTemplate\":\"https:\\\/\\\/njspike.com\\\/?s={search_term_string}\"},\"query-input\":{\"@type\":\"PropertyValueSpecification\",\"valueRequired\":true,\"valueName\":\"search_term_string\"}}],\"inLanguage\":\"es\"},{\"@type\":\"Organization\",\"@id\":\"https:\\\/\\\/njspike.com\\\/#organization\",\"name\":\"Spike Anusement Equipments\",\"url\":\"https:\\\/\\\/njspike.com\\\/\",\"logo\":{\"@type\":\"ImageObject\",\"inLanguage\":\"es\",\"@id\":\"https:\\\/\\\/njspike.com\\\/#\\\/schema\\\/logo\\\/image\\\/\",\"url\":\"https:\\\/\\\/njspike.com\\\/wp-content\\\/uploads\\\/2023\\\/05\\\/logo-\u5c0f.png\",\"contentUrl\":\"https:\\\/\\\/njspike.com\\\/wp-content\\\/uploads\\\/2023\\\/05\\\/logo-\u5c0f.png\",\"width\":500,\"height\":233,\"caption\":\"Spike Anusement Equipments\"},\"image\":{\"@id\":\"https:\\\/\\\/njspike.com\\\/#\\\/schema\\\/logo\\\/image\\\/\"},\"sameAs\":[\"https:\\\/\\\/www.facebook.com\\\/spikeamusement\"]},{\"@type\":\"Person\",\"@id\":\"https:\\\/\\\/njspike.com\\\/#\\\/schema\\\/person\\\/f680c411b370da2143d48bc5e73ccba2\",\"name\":\"Spike Amusement\",\"sameAs\":[\"http:\\\/\\\/njspike.com\",\"https:\\\/\\\/www.facebook.com\\\/spike.tom.886720\"],\"url\":\"https:\\\/\\\/njspike.com\\\/es\\\/author\\\/aidiwong1126gmail-com\\\/\"}]}<\/script>\n<!-- \/ Yoast SEO Premium plugin. -->","yoast_head_json":{"title":"Is Sensory Integration Training Necessary? - SPIKE","description":"Learn the importance of sensory integration for children, how it affects development, and how it benefits both children with developmental disorders and typically developing children.","robots":{"index":"index","follow":"follow","max-snippet":"max-snippet:-1","max-image-preview":"max-image-preview:large","max-video-preview":"max-video-preview:-1"},"canonical":"https:\/\/njspike.com\/es\/cognitive-development\/","og_locale":"es_ES","og_type":"article","og_title":"Is Sensory Integration Training Necessary?","og_description":"Learn the importance of sensory integration for children, how it affects development, and how it benefits both children with developmental disorders and typically developing children.","og_url":"https:\/\/njspike.com\/es\/cognitive-development\/","og_site_name":"SPIKE","article_publisher":"https:\/\/www.facebook.com\/spikeamusement","article_author":"https:\/\/www.facebook.com\/spike.tom.886720","article_published_time":"2025-05-14T07:47:25+00:00","article_modified_time":"2025-05-15T06:16:33+00:00","og_image":[{"width":900,"height":506,"url":"https:\/\/njspike.com\/wp-content\/uploads\/2025\/05\/8.jpg","type":"image\/jpeg"}],"author":"Spike Amusement","twitter_card":"summary_large_image","twitter_misc":{"Escrito por":"Spike Amusement","Tiempo de lectura":"5 minutos"},"schema":{"@context":"https:\/\/schema.org","@graph":[{"@type":"Article","@id":"https:\/\/njspike.com\/cognitive-development\/#article","isPartOf":{"@id":"https:\/\/njspike.com\/cognitive-development\/"},"author":{"name":"Spike Amusement","@id":"https:\/\/njspike.com\/#\/schema\/person\/f680c411b370da2143d48bc5e73ccba2"},"headline":"Is Sensory Integration Training Necessary?","datePublished":"2025-05-14T07:47:25+00:00","dateModified":"2025-05-15T06:16:33+00:00","mainEntityOfPage":{"@id":"https:\/\/njspike.com\/cognitive-development\/"},"wordCount":879,"commentCount":0,"publisher":{"@id":"https:\/\/njspike.com\/#organization"},"image":{"@id":"https:\/\/njspike.com\/cognitive-development\/#primaryimage"},"thumbnailUrl":"https:\/\/njspike.com\/wp-content\/uploads\/2025\/05\/8.jpg","articleSection":["Blog"],"inLanguage":"es","potentialAction":[{"@type":"CommentAction","name":"Comment","target":["https:\/\/njspike.com\/cognitive-development\/#respond"]}]},{"@type":"WebPage","@id":"https:\/\/njspike.com\/cognitive-development\/","url":"https:\/\/njspike.com\/cognitive-development\/","name":"Is Sensory Integration Training Necessary? - SPIKE","isPartOf":{"@id":"https:\/\/njspike.com\/#website"},"primaryImageOfPage":{"@id":"https:\/\/njspike.com\/cognitive-development\/#primaryimage"},"image":{"@id":"https:\/\/njspike.com\/cognitive-development\/#primaryimage"},"thumbnailUrl":"https:\/\/njspike.com\/wp-content\/uploads\/2025\/05\/8.jpg","datePublished":"2025-05-14T07:47:25+00:00","dateModified":"2025-05-15T06:16:33+00:00","description":"Learn the importance of sensory integration for children, how it affects development, and how it benefits both children with developmental disorders and typically developing children.","breadcrumb":{"@id":"https:\/\/njspike.com\/cognitive-development\/#breadcrumb"},"inLanguage":"es","potentialAction":[{"@type":"ReadAction","target":["https:\/\/njspike.com\/cognitive-development\/"]}]},{"@type":"ImageObject","inLanguage":"es","@id":"https:\/\/njspike.com\/cognitive-development\/#primaryimage","url":"https:\/\/njspike.com\/wp-content\/uploads\/2025\/05\/8.jpg","contentUrl":"https:\/\/njspike.com\/wp-content\/uploads\/2025\/05\/8.jpg","width":900,"height":506,"caption":"Sensory Integration"},{"@type":"BreadcrumbList","@id":"https:\/\/njspike.com\/cognitive-development\/#breadcrumb","itemListElement":[{"@type":"ListItem","position":1,"name":"SPIKE","item":"https:\/\/njspike.com\/"},{"@type":"ListItem","position":2,"name":"Is Sensory Integration Training Necessary?"}]},{"@type":"WebSite","@id":"https:\/\/njspike.com\/#website","url":"https:\/\/njspike.com\/","name":"Children Playground","description":"Professional Children Playground Supplier","publisher":{"@id":"https:\/\/njspike.com\/#organization"},"potentialAction":[{"@type":"SearchAction","target":{"@type":"EntryPoint","urlTemplate":"https:\/\/njspike.com\/?s={search_term_string}"},"query-input":{"@type":"PropertyValueSpecification","valueRequired":true,"valueName":"search_term_string"}}],"inLanguage":"es"},{"@type":"Organization","@id":"https:\/\/njspike.com\/#organization","name":"Spike Anusement Equipments","url":"https:\/\/njspike.com\/","logo":{"@type":"ImageObject","inLanguage":"es","@id":"https:\/\/njspike.com\/#\/schema\/logo\/image\/","url":"https:\/\/njspike.com\/wp-content\/uploads\/2023\/05\/logo-\u5c0f.png","contentUrl":"https:\/\/njspike.com\/wp-content\/uploads\/2023\/05\/logo-\u5c0f.png","width":500,"height":233,"caption":"Spike Anusement Equipments"},"image":{"@id":"https:\/\/njspike.com\/#\/schema\/logo\/image\/"},"sameAs":["https:\/\/www.facebook.com\/spikeamusement"]},{"@type":"Person","@id":"https:\/\/njspike.com\/#\/schema\/person\/f680c411b370da2143d48bc5e73ccba2","name":"Spike Amusement","sameAs":["http:\/\/njspike.com","https:\/\/www.facebook.com\/spike.tom.886720"],"url":"https:\/\/njspike.com\/es\/author\/aidiwong1126gmail-com\/"}]}},"_links":{"self":[{"href":"https:\/\/njspike.com\/es\/wp-json\/wp\/v2\/posts\/9530","targetHints":{"allow":["GET"]}}],"collection":[{"href":"https:\/\/njspike.com\/es\/wp-json\/wp\/v2\/posts"}],"about":[{"href":"https:\/\/njspike.com\/es\/wp-json\/wp\/v2\/types\/post"}],"author":[{"embeddable":true,"href":"https:\/\/njspike.com\/es\/wp-json\/wp\/v2\/users\/1"}],"replies":[{"embeddable":true,"href":"https:\/\/njspike.com\/es\/wp-json\/wp\/v2\/comments?post=9530"}],"version-history":[{"count":2,"href":"https:\/\/njspike.com\/es\/wp-json\/wp\/v2\/posts\/9530\/revisions"}],"predecessor-version":[{"id":9599,"href":"https:\/\/njspike.com\/es\/wp-json\/wp\/v2\/posts\/9530\/revisions\/9599"}],"wp:featuredmedia":[{"embeddable":true,"href":"https:\/\/njspike.com\/es\/wp-json\/wp\/v2\/media\/9591"}],"wp:attachment":[{"href":"https:\/\/njspike.com\/es\/wp-json\/wp\/v2\/media?parent=9530"}],"wp:term":[{"taxonomy":"category","embeddable":true,"href":"https:\/\/njspike.com\/es\/wp-json\/wp\/v2\/categories?post=9530"},{"taxonomy":"post_tag","embeddable":true,"href":"https:\/\/njspike.com\/es\/wp-json\/wp\/v2\/tags?post=9530"}],"curies":[{"name":"wp","href":"https:\/\/api.w.org\/{rel}","templated":true}]}}