{"id":9530,"date":"2025-05-14T15:47:25","date_gmt":"2025-05-14T07:47:25","guid":{"rendered":"https:\/\/njspike.com\/?p=9530"},"modified":"2025-05-15T14:16:33","modified_gmt":"2025-05-15T06:16:33","slug":"cognitive-development","status":"publish","type":"post","link":"https:\/\/njspike.com\/pt\/cognitive-development\/","title":{"rendered":"O treino de integra\u00e7\u00e3o sensorial \u00e9 necess\u00e1rio?"},"content":{"rendered":"<p>Sou professora de avalia\u00e7\u00e3o da integra\u00e7\u00e3o sensorial e, todos os anos, avalio a integra\u00e7\u00e3o sensorial de mais de 100 crian\u00e7as. A maioria destas crian\u00e7as tem perturba\u00e7\u00f5es do desenvolvimento, como autismo, paralisia cerebral, defici\u00eancias intelectuais, perturba\u00e7\u00f5es da linguagem, PHDA e atrasos de desenvolvimento. Muitas delas apresentam sintomas de disfun\u00e7\u00e3o da integra\u00e7\u00e3o sensorial.<\/p>\n\n\n\n<p>No entanto, a maioria das crian\u00e7as com desenvolvimento t\u00edpico n\u00e3o sofre de disfun\u00e7\u00e3o de integra\u00e7\u00e3o sensorial. Se algu\u00e9m afirmar que o seu filho tem problemas de integra\u00e7\u00e3o sensorial ap\u00f3s apenas algumas aulas, o seu principal objetivo poder\u00e1 ser vender-lhe os seus programas de forma\u00e7\u00e3o.<\/p>\n\n\n\n<figure class=\"wp-block-image size-full\"><img fetchpriority=\"high\" decoding=\"async\" width=\"900\" height=\"506\" src=\"https:\/\/njspike.com\/wp-content\/uploads\/2025\/05\/10.jpg\" alt=\"Sensory Integration\" class=\"wp-image-9593\" srcset=\"https:\/\/njspike.com\/wp-content\/uploads\/2025\/05\/10.jpg 900w, https:\/\/njspike.com\/wp-content\/smush-webp\/2025\/05\/10-300x169.jpg.webp 300w, https:\/\/njspike.com\/wp-content\/smush-webp\/2025\/05\/10-768x432.jpg.webp 768w, https:\/\/njspike.com\/wp-content\/smush-webp\/2025\/05\/10-18x10.jpg.webp 18w, https:\/\/njspike.com\/wp-content\/smush-webp\/2025\/05\/10-600x337.jpg.webp 600w\" sizes=\"(max-width: 900px) 100vw, 900px\" \/><\/figure>\n\n\n\n<h3 class=\"wp-block-heading\" id=\"h-what-is-sensory-integration\">O que \u00e9 a integra\u00e7\u00e3o sensorial?<\/h3>\n\n\n\n<p>A integra\u00e7\u00e3o sensorial \u00e9 um conceito introduzido pelo Dr. Ayres da Universidade da Calif\u00f3rnia em 1972. Dividiu os sentidos em sete tipos: visual, auditivo, olfativo, gustativo, t\u00e1til, vestibular e propriocetivo. A integra\u00e7\u00e3o sensorial refere-se \u00e0 forma como processamos a informa\u00e7\u00e3o sensorial e respondemos a ela de forma adequada.<\/p>\n\n\n\n<p>Por exemplo, se virmos uma bola a voar na nossa dire\u00e7\u00e3o, o nosso c\u00e9rebro processa essa informa\u00e7\u00e3o visual e o nosso corpo reage para evitar ser atingido. Este processo de perce\u00e7\u00e3o e rea\u00e7\u00e3o a est\u00edmulos externos \u00e9 a integra\u00e7\u00e3o sensorial.<\/p>\n\n\n\n<p><strong>Disfun\u00e7\u00e3o de integra\u00e7\u00e3o sensorial<\/strong> inclui:<\/p>\n\n\n\n<ol class=\"wp-block-list\">\n<li><strong>Problemas de entrada sensorial<\/strong> (por exemplo, n\u00e3o conseguir ver a bola)<\/li>\n\n\n\n<li><strong>Problemas de processamento<\/strong> (por exemplo, ver a bola mas n\u00e3o saber o que fazer)<\/li>\n\n\n\n<li><strong>Problemas de sa\u00edda sensorial<\/strong> (por exemplo, saber que a bola est\u00e1 a chegar mas ser demasiado lento ou desajeitado para a evitar)<\/li>\n<\/ol>\n\n\n\n<p>As crian\u00e7as com desenvolvimento t\u00edpico raramente t\u00eam disfun\u00e7\u00f5es da integra\u00e7\u00e3o sensorial, mas as crian\u00e7as com perturba\u00e7\u00f5es do desenvolvimento t\u00eam-nas frequentemente. Por exemplo:<\/p>\n\n\n\n<ul class=\"wp-block-list\">\n<li>As crian\u00e7as com TDAH t\u00eam frequentemente problemas de aten\u00e7\u00e3o e podem n\u00e3o ver a bola a chegar.<\/li>\n\n\n\n<li>As crian\u00e7as com autismo podem ver a bola, mas podem n\u00e3o saber como reagir.<\/li>\n\n\n\n<li>As crian\u00e7as com paralisia cerebral ou defici\u00eancia intelectual podem compreender que a bola est\u00e1 a chegar, mas n\u00e3o t\u00eam coordena\u00e7\u00e3o para a evitar.<\/li>\n<\/ul>\n\n\n\n<h3 class=\"wp-block-heading\" id=\"h-how-does-sensory-integration-relate-to-cognitive-development\">Como \u00e9 que a integra\u00e7\u00e3o sensorial se relaciona com o desenvolvimento cognitivo?<\/h3>\n\n\n\n<p>A integra\u00e7\u00e3o sensorial desempenha um papel crucial no desenvolvimento cognitivo, constituindo a base da intelig\u00eancia das crian\u00e7as. A teoria do desenvolvimento cognitivo de Jean Piaget divide-se em quatro fases:<\/p>\n\n\n\n<ol class=\"wp-block-list\">\n<li><strong>Fase Sensorimotora (0-2 anos)<\/strong>: Desenvolvimento do comportamento externo para os tra\u00e7os mentais internos.<\/li>\n\n\n\n<li><strong>Fase pr\u00e9-operacional (2-7 anos)<\/strong>: A fase de utiliza\u00e7\u00e3o do pensamento simb\u00f3lico, da linguagem e do jogo imaginativo.<\/li>\n\n\n\n<li><strong>Fase operacional do bet\u00e3o (7-11 anos)<\/strong>: Desenvolvimento do racioc\u00ednio l\u00f3gico e da resolu\u00e7\u00e3o de problemas com objectos concretos.<\/li>\n\n\n\n<li><strong>Fase Operacional Formal (a partir dos 11 anos)<\/strong>: A capacidade de pensar de forma abstrata.<\/li>\n<\/ol>\n\n\n\n<p>A teoria de Piaget revela que as crian\u00e7as v\u00eaem o mundo de forma diferente dos adultos. Por exemplo, antes de 1 ano de idade, os beb\u00e9s n\u00e3o t\u00eam consci\u00eancia de si pr\u00f3prios e n\u00e3o conseguem relacionar as impress\u00f5es ao longo do tempo. A compreens\u00e3o da crian\u00e7a sobre a perman\u00eancia do objeto (a ideia de que os objectos continuam a existir mesmo quando n\u00e3o s\u00e3o vistos) desenvolve-se \u00e0 medida que as capacidades sensoriais motoras amadurecem.<\/p>\n\n\n\n<h3 class=\"wp-block-heading\" id=\"h-how-does-sensory-integration-affect-everyday-life-for-children\">Como \u00e9 que a integra\u00e7\u00e3o sensorial afecta a vida quotidiana das crian\u00e7as?<\/h3>\n\n\n\n<p><strong>Disfun\u00e7\u00e3o de integra\u00e7\u00e3o sensorial<\/strong> pode afetar v\u00e1rios aspectos da vida de uma crian\u00e7a:<\/p>\n\n\n\n<ol class=\"wp-block-list\">\n<li><strong>Compet\u00eancias de autocuidado<\/strong>: As crian\u00e7as podem ter dificuldade em tarefas como vestir-se, alimentar-se ou evitar acidentes.<\/li>\n\n\n\n<li><strong>Aprendizagem e aten\u00e7\u00e3o<\/strong>: As crian\u00e7as podem ter dificuldade em manter-se sentadas, concentrar-se, ler, escrever ou falar claramente.<\/li>\n\n\n\n<li><strong>Intera\u00e7\u00e3o social e emo\u00e7\u00f5es<\/strong>: As crian\u00e7as podem ter dificuldade em gerir as suas emo\u00e7\u00f5es, em socializar ou podem ter uma baixa autoestima.<\/li>\n<\/ol>\n\n\n\n<h3 class=\"wp-block-heading\" id=\"h-types-of-sensory-integration-dysfunction\">Tipos de disfun\u00e7\u00e3o de integra\u00e7\u00e3o sensorial:<\/h3>\n\n\n\n<ol class=\"wp-block-list\">\n<li><strong>Disfun\u00e7\u00e3o da resposta sensorial<\/strong><ul><li class=\"\"><strong>Hipersensibilidade vestibular<\/strong>: Medo de alturas, objectos que giram, ru\u00eddos altos ou luzes brilhantes.<\/li><li class=\"\"><strong>Insensibilidade vestibular<\/strong>: Dificuldade em percecionar o movimento ou o som, levando a problemas de equil\u00edbrio.<\/li><li class=\"\"><strong>Procura de vestibular<\/strong>: Realizar movimentos repetitivos como girar, correr ou falar sozinho.<\/li><\/ul>Estas respostas podem afetar a aten\u00e7\u00e3o, as emo\u00e7\u00f5es e o desenvolvimento social.<\/li>\n\n\n\n<li><strong>Disfun\u00e7\u00e3o proprioceptiva<\/strong>\n<ul class=\"wp-block-list\">\n<li><strong>Baixa resposta proprioceptiva<\/strong>: A crian\u00e7a n\u00e3o tem consci\u00eancia da posi\u00e7\u00e3o do corpo, o que leva a movimentos lentos ou desajeitados.<\/li>\n\n\n\n<li><strong>Procura proprioceptiva<\/strong>: As crian\u00e7as podem procurar um contacto f\u00edsico constante, como bater em objectos, mastigar brinquedos ou cair intencionalmente.<\/li>\n<\/ul>\n<\/li>\n\n\n\n<li><strong>Disfun\u00e7\u00e3o t\u00e1til<\/strong>\n<ul class=\"wp-block-list\">\n<li><strong>Excesso de sensibilidade t\u00e1til<\/strong>: A crian\u00e7a pode resistir ao contacto f\u00edsico ou ter medo de certas texturas (como roupa ou comida).<\/li>\n\n\n\n<li><strong>Insensibilidade t\u00e1til<\/strong>: A crian\u00e7a pode n\u00e3o sentir dor ou toque e pode ignorar o desconforto f\u00edsico.<\/li>\n\n\n\n<li><strong>Procura t\u00e1til<\/strong>: A crian\u00e7a pode tocar excessivamente nos objectos ou colocar coisas na boca para obter feedback sensorial.<\/li>\n<\/ul>\n<\/li>\n<\/ol>\n\n\n\n<figure class=\"wp-block-image size-full\"><img decoding=\"async\" width=\"900\" height=\"506\" data-src=\"https:\/\/njspike.com\/wp-content\/uploads\/2025\/05\/14.jpg\" alt=\"Sensory Integration\" class=\"wp-image-9597 lazyload\" data-srcset=\"https:\/\/njspike.com\/wp-content\/uploads\/2025\/05\/14.jpg 900w, https:\/\/njspike.com\/wp-content\/smush-webp\/2025\/05\/14-300x169.jpg.webp 300w, https:\/\/njspike.com\/wp-content\/smush-webp\/2025\/05\/14-768x432.jpg.webp 768w, https:\/\/njspike.com\/wp-content\/smush-webp\/2025\/05\/14-18x10.jpg.webp 18w, https:\/\/njspike.com\/wp-content\/smush-webp\/2025\/05\/14-600x337.jpg.webp 600w\" data-sizes=\"(max-width: 900px) 100vw, 900px\" src=\"data:image\/gif;base64,R0lGODlhAQABAAAAACH5BAEKAAEALAAAAAABAAEAAAICTAEAOw==\" style=\"--smush-placeholder-width: 900px; --smush-placeholder-aspect-ratio: 900\/506;\" \/><\/figure>\n\n\n\n<h3 class=\"wp-block-heading\" id=\"h-can-sensory-integration-training-benefit-typically-developing-children\">O treino de integra\u00e7\u00e3o sensorial pode ser ben\u00e9fico para crian\u00e7as com desenvolvimento t\u00edpico?<\/h3>\n\n\n\n<p><strong>O treino de integra\u00e7\u00e3o sensorial \u00e9 \u00fatil para crian\u00e7as com desenvolvimento t\u00edpico?<\/strong><br>Sim, o treino de integra\u00e7\u00e3o sensorial pode beneficiar todas as crian\u00e7as. N\u00e3o se destina apenas a crian\u00e7as com disfun\u00e7\u00f5es, mas ajuda-as a desenvolver a sua capacidade de explorar e compreender o mundo. A integra\u00e7\u00e3o sensorial \u00e9 uma base para a aprendizagem, ajudando as crian\u00e7as a aperfei\u00e7oar a sua coordena\u00e7\u00e3o, equil\u00edbrio e aten\u00e7\u00e3o.<\/p>\n\n\n\n<h3 class=\"wp-block-heading\" id=\"h-characteristics-of-sensory-integration-therapy\">Carater\u00edsticas da terapia de integra\u00e7\u00e3o sensorial:<\/h3>\n\n\n\n<ol class=\"wp-block-list\">\n<li><strong>Liderado por crian\u00e7as<\/strong>: A crian\u00e7a toma a iniciativa das actividades.<\/li>\n\n\n\n<li><strong>Incentivar a aprendizagem aut\u00f3noma<\/strong>: A crian\u00e7a explora e aprende com as experi\u00eancias.<\/li>\n\n\n\n<li><strong>Divertido e flex\u00edvel<\/strong>: A terapia utiliza jogos envolventes para manter as crian\u00e7as interessadas.<\/li>\n\n\n\n<li><strong>Motivar<\/strong>: As actividades exploram o impulso e a curiosidade internos da crian\u00e7a.<\/li>\n\n\n\n<li><strong>Adapt\u00e1vel<\/strong>: As actividades s\u00e3o concebidas em fun\u00e7\u00e3o das necessidades individuais da crian\u00e7a.<\/li>\n<\/ol>\n\n\n\n<h3 class=\"wp-block-heading\" id=\"h-be-cautious-when-choosing-sensory-integration-programs\">Seja cauteloso ao escolher programas de integra\u00e7\u00e3o sensorial<\/h3>\n\n\n\n<p>O mercado est\u00e1 cheio de programas de integra\u00e7\u00e3o sensorial, e nem todos s\u00e3o leg\u00edtimos. Eu aconselharia os pais de crian\u00e7as com desenvolvimento t\u00edpico a serem cautelosos na sele\u00e7\u00e3o dos programas, pois muitos programas s\u00e3o concebidos para vender mais servi\u00e7os. Se estiver interessado na integra\u00e7\u00e3o sensorial, pode querer aprender sobre estas t\u00e9cnicas por si pr\u00f3prio. A integra\u00e7\u00e3o sensorial tamb\u00e9m pode ser implementada como uma s\u00e9rie de actividades agrad\u00e1veis entre pais e filhos em casa.<\/p>\n\n\n\n<figure class=\"wp-block-image size-full\"><img decoding=\"async\" width=\"900\" height=\"506\" data-src=\"https:\/\/njspike.com\/wp-content\/uploads\/2025\/05\/12.jpg\" alt=\"Sensory Integration\" class=\"wp-image-9595 lazyload\" data-srcset=\"https:\/\/njspike.com\/wp-content\/uploads\/2025\/05\/12.jpg 900w, https:\/\/njspike.com\/wp-content\/smush-webp\/2025\/05\/12-300x169.jpg.webp 300w, https:\/\/njspike.com\/wp-content\/smush-webp\/2025\/05\/12-768x432.jpg.webp 768w, https:\/\/njspike.com\/wp-content\/smush-webp\/2025\/05\/12-18x10.jpg.webp 18w, https:\/\/njspike.com\/wp-content\/smush-webp\/2025\/05\/12-600x337.jpg.webp 600w\" data-sizes=\"(max-width: 900px) 100vw, 900px\" src=\"data:image\/gif;base64,R0lGODlhAQABAAAAACH5BAEKAAEALAAAAAABAAEAAAICTAEAOw==\" style=\"--smush-placeholder-width: 900px; --smush-placeholder-aspect-ratio: 900\/506;\" \/><\/figure>\n\n\n\n<p><strong>Pontos-chave a recordar<\/strong><\/p>\n\n\n\n<ul class=\"wp-block-list\">\n<li><strong>Integra\u00e7\u00e3o sensorial<\/strong> ajuda as crian\u00e7as a processar a informa\u00e7\u00e3o sensorial e a reagir de forma adequada.<\/li>\n\n\n\n<li>\u00c9 particularmente \u00fatil para crian\u00e7as com perturba\u00e7\u00f5es do desenvolvimento como o autismo, a PHDA e a paralisia cerebral.<\/li>\n\n\n\n<li>Mesmo as crian\u00e7as com desenvolvimento t\u00edpico podem beneficiar do treino de integra\u00e7\u00e3o sensorial, uma vez que este apoia o desenvolvimento global e o crescimento cognitivo.<\/li>\n\n\n\n<li>A terapia de integra\u00e7\u00e3o sensorial deve ser <strong>liderado por crian\u00e7as<\/strong>, divertida e adaptada \u00e0s necessidades individuais.<\/li>\n<\/ul>","protected":false},"excerpt":{"rendered":"<p>Sou professora de avalia\u00e7\u00e3o da integra\u00e7\u00e3o sensorial e, todos os anos, avalio a integra\u00e7\u00e3o sensorial de mais de 100 crian\u00e7as. A maioria destas crian\u00e7as tem perturba\u00e7\u00f5es do desenvolvimento, como autismo, paralisia cerebral, defici\u00eancias intelectuais, perturba\u00e7\u00f5es da linguagem, PHDA e atrasos de desenvolvimento. Muitas delas apresentam sintomas de disfun\u00e7\u00e3o da integra\u00e7\u00e3o sensorial. No entanto, a maioria das crian\u00e7as com desenvolvimento t\u00edpico n\u00e3o apresenta sintomas sensoriais [...]<\/p>","protected":false},"author":1,"featured_media":9591,"comment_status":"open","ping_status":"open","sticky":false,"template":"","format":"standard","meta":{"footnotes":""},"categories":[28],"tags":[],"class_list":["post-9530","post","type-post","status-publish","format-standard","has-post-thumbnail","hentry","category-blog"],"yoast_head":"<!-- This site is optimized with the Yoast SEO Premium plugin v24.5 (Yoast SEO v27.5) - https:\/\/yoast.com\/product\/yoast-seo-premium-wordpress\/ -->\n<title>Is Sensory Integration Training Necessary? - SPIKE<\/title>\n<meta name=\"description\" content=\"Learn the importance of sensory integration for children, how it affects development, and how it benefits both children with developmental disorders and typically developing children.\" \/>\n<meta name=\"robots\" content=\"index, follow, max-snippet:-1, max-image-preview:large, max-video-preview:-1\" \/>\n<link rel=\"canonical\" href=\"https:\/\/njspike.com\/pt\/cognitive-development\/\" \/>\n<meta property=\"og:locale\" content=\"pt_PT\" \/>\n<meta property=\"og:type\" content=\"article\" \/>\n<meta property=\"og:title\" content=\"Is Sensory Integration Training Necessary?\" \/>\n<meta property=\"og:description\" content=\"Learn the importance of sensory integration for children, how it affects development, and how it benefits both children with developmental disorders and typically developing children.\" \/>\n<meta property=\"og:url\" content=\"https:\/\/njspike.com\/pt\/cognitive-development\/\" \/>\n<meta property=\"og:site_name\" content=\"SPIKE\" \/>\n<meta property=\"article:publisher\" content=\"https:\/\/www.facebook.com\/spikeamusement\" \/>\n<meta property=\"article:author\" content=\"https:\/\/www.facebook.com\/spike.tom.886720\" \/>\n<meta property=\"article:published_time\" content=\"2025-05-14T07:47:25+00:00\" \/>\n<meta property=\"article:modified_time\" content=\"2025-05-15T06:16:33+00:00\" \/>\n<meta property=\"og:image\" content=\"https:\/\/njspike.com\/wp-content\/uploads\/2025\/05\/8.jpg\" \/>\n\t<meta property=\"og:image:width\" content=\"900\" \/>\n\t<meta property=\"og:image:height\" content=\"506\" \/>\n\t<meta property=\"og:image:type\" content=\"image\/jpeg\" \/>\n<meta name=\"author\" content=\"Spike Amusement\" \/>\n<meta name=\"twitter:card\" content=\"summary_large_image\" \/>\n<meta name=\"twitter:label1\" content=\"Escrito por\" \/>\n\t<meta name=\"twitter:data1\" content=\"Spike Amusement\" \/>\n\t<meta name=\"twitter:label2\" content=\"Tempo estimado de leitura\" \/>\n\t<meta name=\"twitter:data2\" content=\"5 minutos\" \/>\n<script type=\"application\/ld+json\" class=\"yoast-schema-graph\">{\"@context\":\"https:\\\/\\\/schema.org\",\"@graph\":[{\"@type\":\"Article\",\"@id\":\"https:\\\/\\\/njspike.com\\\/cognitive-development\\\/#article\",\"isPartOf\":{\"@id\":\"https:\\\/\\\/njspike.com\\\/cognitive-development\\\/\"},\"author\":{\"name\":\"Spike Amusement\",\"@id\":\"https:\\\/\\\/njspike.com\\\/#\\\/schema\\\/person\\\/f680c411b370da2143d48bc5e73ccba2\"},\"headline\":\"Is Sensory Integration Training Necessary?\",\"datePublished\":\"2025-05-14T07:47:25+00:00\",\"dateModified\":\"2025-05-15T06:16:33+00:00\",\"mainEntityOfPage\":{\"@id\":\"https:\\\/\\\/njspike.com\\\/cognitive-development\\\/\"},\"wordCount\":879,\"commentCount\":0,\"publisher\":{\"@id\":\"https:\\\/\\\/njspike.com\\\/#organization\"},\"image\":{\"@id\":\"https:\\\/\\\/njspike.com\\\/cognitive-development\\\/#primaryimage\"},\"thumbnailUrl\":\"https:\\\/\\\/njspike.com\\\/wp-content\\\/uploads\\\/2025\\\/05\\\/8.jpg\",\"articleSection\":[\"Blog\"],\"inLanguage\":\"pt-PT\",\"potentialAction\":[{\"@type\":\"CommentAction\",\"name\":\"Comment\",\"target\":[\"https:\\\/\\\/njspike.com\\\/cognitive-development\\\/#respond\"]}]},{\"@type\":\"WebPage\",\"@id\":\"https:\\\/\\\/njspike.com\\\/cognitive-development\\\/\",\"url\":\"https:\\\/\\\/njspike.com\\\/cognitive-development\\\/\",\"name\":\"Is Sensory Integration Training Necessary? - SPIKE\",\"isPartOf\":{\"@id\":\"https:\\\/\\\/njspike.com\\\/#website\"},\"primaryImageOfPage\":{\"@id\":\"https:\\\/\\\/njspike.com\\\/cognitive-development\\\/#primaryimage\"},\"image\":{\"@id\":\"https:\\\/\\\/njspike.com\\\/cognitive-development\\\/#primaryimage\"},\"thumbnailUrl\":\"https:\\\/\\\/njspike.com\\\/wp-content\\\/uploads\\\/2025\\\/05\\\/8.jpg\",\"datePublished\":\"2025-05-14T07:47:25+00:00\",\"dateModified\":\"2025-05-15T06:16:33+00:00\",\"description\":\"Learn the importance of sensory integration for children, how it affects development, and how it benefits both children with developmental disorders and typically developing children.\",\"breadcrumb\":{\"@id\":\"https:\\\/\\\/njspike.com\\\/cognitive-development\\\/#breadcrumb\"},\"inLanguage\":\"pt-PT\",\"potentialAction\":[{\"@type\":\"ReadAction\",\"target\":[\"https:\\\/\\\/njspike.com\\\/cognitive-development\\\/\"]}]},{\"@type\":\"ImageObject\",\"inLanguage\":\"pt-PT\",\"@id\":\"https:\\\/\\\/njspike.com\\\/cognitive-development\\\/#primaryimage\",\"url\":\"https:\\\/\\\/njspike.com\\\/wp-content\\\/uploads\\\/2025\\\/05\\\/8.jpg\",\"contentUrl\":\"https:\\\/\\\/njspike.com\\\/wp-content\\\/uploads\\\/2025\\\/05\\\/8.jpg\",\"width\":900,\"height\":506,\"caption\":\"Sensory Integration\"},{\"@type\":\"BreadcrumbList\",\"@id\":\"https:\\\/\\\/njspike.com\\\/cognitive-development\\\/#breadcrumb\",\"itemListElement\":[{\"@type\":\"ListItem\",\"position\":1,\"name\":\"SPIKE\",\"item\":\"https:\\\/\\\/njspike.com\\\/\"},{\"@type\":\"ListItem\",\"position\":2,\"name\":\"Is Sensory Integration Training Necessary?\"}]},{\"@type\":\"WebSite\",\"@id\":\"https:\\\/\\\/njspike.com\\\/#website\",\"url\":\"https:\\\/\\\/njspike.com\\\/\",\"name\":\"Children Playground\",\"description\":\"Professional Children Playground Supplier\",\"publisher\":{\"@id\":\"https:\\\/\\\/njspike.com\\\/#organization\"},\"potentialAction\":[{\"@type\":\"SearchAction\",\"target\":{\"@type\":\"EntryPoint\",\"urlTemplate\":\"https:\\\/\\\/njspike.com\\\/?s={search_term_string}\"},\"query-input\":{\"@type\":\"PropertyValueSpecification\",\"valueRequired\":true,\"valueName\":\"search_term_string\"}}],\"inLanguage\":\"pt-PT\"},{\"@type\":\"Organization\",\"@id\":\"https:\\\/\\\/njspike.com\\\/#organization\",\"name\":\"Spike Anusement Equipments\",\"url\":\"https:\\\/\\\/njspike.com\\\/\",\"logo\":{\"@type\":\"ImageObject\",\"inLanguage\":\"pt-PT\",\"@id\":\"https:\\\/\\\/njspike.com\\\/#\\\/schema\\\/logo\\\/image\\\/\",\"url\":\"https:\\\/\\\/njspike.com\\\/wp-content\\\/uploads\\\/2023\\\/05\\\/logo-\u5c0f.png\",\"contentUrl\":\"https:\\\/\\\/njspike.com\\\/wp-content\\\/uploads\\\/2023\\\/05\\\/logo-\u5c0f.png\",\"width\":500,\"height\":233,\"caption\":\"Spike Anusement Equipments\"},\"image\":{\"@id\":\"https:\\\/\\\/njspike.com\\\/#\\\/schema\\\/logo\\\/image\\\/\"},\"sameAs\":[\"https:\\\/\\\/www.facebook.com\\\/spikeamusement\"]},{\"@type\":\"Person\",\"@id\":\"https:\\\/\\\/njspike.com\\\/#\\\/schema\\\/person\\\/f680c411b370da2143d48bc5e73ccba2\",\"name\":\"Spike Amusement\",\"sameAs\":[\"http:\\\/\\\/njspike.com\",\"https:\\\/\\\/www.facebook.com\\\/spike.tom.886720\"],\"url\":\"https:\\\/\\\/njspike.com\\\/pt\\\/author\\\/aidiwong1126gmail-com\\\/\"}]}<\/script>\n<!-- \/ Yoast SEO Premium plugin. -->","yoast_head_json":{"title":"Is Sensory Integration Training Necessary? - SPIKE","description":"Learn the importance of sensory integration for children, how it affects development, and how it benefits both children with developmental disorders and typically developing children.","robots":{"index":"index","follow":"follow","max-snippet":"max-snippet:-1","max-image-preview":"max-image-preview:large","max-video-preview":"max-video-preview:-1"},"canonical":"https:\/\/njspike.com\/pt\/cognitive-development\/","og_locale":"pt_PT","og_type":"article","og_title":"Is Sensory Integration Training Necessary?","og_description":"Learn the importance of sensory integration for children, how it affects development, and how it benefits both children with developmental disorders and typically developing children.","og_url":"https:\/\/njspike.com\/pt\/cognitive-development\/","og_site_name":"SPIKE","article_publisher":"https:\/\/www.facebook.com\/spikeamusement","article_author":"https:\/\/www.facebook.com\/spike.tom.886720","article_published_time":"2025-05-14T07:47:25+00:00","article_modified_time":"2025-05-15T06:16:33+00:00","og_image":[{"width":900,"height":506,"url":"https:\/\/njspike.com\/wp-content\/uploads\/2025\/05\/8.jpg","type":"image\/jpeg"}],"author":"Spike Amusement","twitter_card":"summary_large_image","twitter_misc":{"Escrito por":"Spike Amusement","Tempo estimado de leitura":"5 minutos"},"schema":{"@context":"https:\/\/schema.org","@graph":[{"@type":"Article","@id":"https:\/\/njspike.com\/cognitive-development\/#article","isPartOf":{"@id":"https:\/\/njspike.com\/cognitive-development\/"},"author":{"name":"Spike Amusement","@id":"https:\/\/njspike.com\/#\/schema\/person\/f680c411b370da2143d48bc5e73ccba2"},"headline":"Is Sensory Integration Training Necessary?","datePublished":"2025-05-14T07:47:25+00:00","dateModified":"2025-05-15T06:16:33+00:00","mainEntityOfPage":{"@id":"https:\/\/njspike.com\/cognitive-development\/"},"wordCount":879,"commentCount":0,"publisher":{"@id":"https:\/\/njspike.com\/#organization"},"image":{"@id":"https:\/\/njspike.com\/cognitive-development\/#primaryimage"},"thumbnailUrl":"https:\/\/njspike.com\/wp-content\/uploads\/2025\/05\/8.jpg","articleSection":["Blog"],"inLanguage":"pt-PT","potentialAction":[{"@type":"CommentAction","name":"Comment","target":["https:\/\/njspike.com\/cognitive-development\/#respond"]}]},{"@type":"WebPage","@id":"https:\/\/njspike.com\/cognitive-development\/","url":"https:\/\/njspike.com\/cognitive-development\/","name":"Is Sensory Integration Training Necessary? - SPIKE","isPartOf":{"@id":"https:\/\/njspike.com\/#website"},"primaryImageOfPage":{"@id":"https:\/\/njspike.com\/cognitive-development\/#primaryimage"},"image":{"@id":"https:\/\/njspike.com\/cognitive-development\/#primaryimage"},"thumbnailUrl":"https:\/\/njspike.com\/wp-content\/uploads\/2025\/05\/8.jpg","datePublished":"2025-05-14T07:47:25+00:00","dateModified":"2025-05-15T06:16:33+00:00","description":"Learn the importance of sensory integration for children, how it affects development, and how it benefits both children with developmental disorders and typically developing children.","breadcrumb":{"@id":"https:\/\/njspike.com\/cognitive-development\/#breadcrumb"},"inLanguage":"pt-PT","potentialAction":[{"@type":"ReadAction","target":["https:\/\/njspike.com\/cognitive-development\/"]}]},{"@type":"ImageObject","inLanguage":"pt-PT","@id":"https:\/\/njspike.com\/cognitive-development\/#primaryimage","url":"https:\/\/njspike.com\/wp-content\/uploads\/2025\/05\/8.jpg","contentUrl":"https:\/\/njspike.com\/wp-content\/uploads\/2025\/05\/8.jpg","width":900,"height":506,"caption":"Sensory Integration"},{"@type":"BreadcrumbList","@id":"https:\/\/njspike.com\/cognitive-development\/#breadcrumb","itemListElement":[{"@type":"ListItem","position":1,"name":"SPIKE","item":"https:\/\/njspike.com\/"},{"@type":"ListItem","position":2,"name":"Is Sensory Integration Training Necessary?"}]},{"@type":"WebSite","@id":"https:\/\/njspike.com\/#website","url":"https:\/\/njspike.com\/","name":"Children Playground","description":"Professional Children Playground Supplier","publisher":{"@id":"https:\/\/njspike.com\/#organization"},"potentialAction":[{"@type":"SearchAction","target":{"@type":"EntryPoint","urlTemplate":"https:\/\/njspike.com\/?s={search_term_string}"},"query-input":{"@type":"PropertyValueSpecification","valueRequired":true,"valueName":"search_term_string"}}],"inLanguage":"pt-PT"},{"@type":"Organization","@id":"https:\/\/njspike.com\/#organization","name":"Spike Anusement Equipments","url":"https:\/\/njspike.com\/","logo":{"@type":"ImageObject","inLanguage":"pt-PT","@id":"https:\/\/njspike.com\/#\/schema\/logo\/image\/","url":"https:\/\/njspike.com\/wp-content\/uploads\/2023\/05\/logo-\u5c0f.png","contentUrl":"https:\/\/njspike.com\/wp-content\/uploads\/2023\/05\/logo-\u5c0f.png","width":500,"height":233,"caption":"Spike Anusement Equipments"},"image":{"@id":"https:\/\/njspike.com\/#\/schema\/logo\/image\/"},"sameAs":["https:\/\/www.facebook.com\/spikeamusement"]},{"@type":"Person","@id":"https:\/\/njspike.com\/#\/schema\/person\/f680c411b370da2143d48bc5e73ccba2","name":"Spike Amusement","sameAs":["http:\/\/njspike.com","https:\/\/www.facebook.com\/spike.tom.886720"],"url":"https:\/\/njspike.com\/pt\/author\/aidiwong1126gmail-com\/"}]}},"_links":{"self":[{"href":"https:\/\/njspike.com\/pt\/wp-json\/wp\/v2\/posts\/9530","targetHints":{"allow":["GET"]}}],"collection":[{"href":"https:\/\/njspike.com\/pt\/wp-json\/wp\/v2\/posts"}],"about":[{"href":"https:\/\/njspike.com\/pt\/wp-json\/wp\/v2\/types\/post"}],"author":[{"embeddable":true,"href":"https:\/\/njspike.com\/pt\/wp-json\/wp\/v2\/users\/1"}],"replies":[{"embeddable":true,"href":"https:\/\/njspike.com\/pt\/wp-json\/wp\/v2\/comments?post=9530"}],"version-history":[{"count":2,"href":"https:\/\/njspike.com\/pt\/wp-json\/wp\/v2\/posts\/9530\/revisions"}],"predecessor-version":[{"id":9599,"href":"https:\/\/njspike.com\/pt\/wp-json\/wp\/v2\/posts\/9530\/revisions\/9599"}],"wp:featuredmedia":[{"embeddable":true,"href":"https:\/\/njspike.com\/pt\/wp-json\/wp\/v2\/media\/9591"}],"wp:attachment":[{"href":"https:\/\/njspike.com\/pt\/wp-json\/wp\/v2\/media?parent=9530"}],"wp:term":[{"taxonomy":"category","embeddable":true,"href":"https:\/\/njspike.com\/pt\/wp-json\/wp\/v2\/categories?post=9530"},{"taxonomy":"post_tag","embeddable":true,"href":"https:\/\/njspike.com\/pt\/wp-json\/wp\/v2\/tags?post=9530"}],"curies":[{"name":"wp","href":"https:\/\/api.w.org\/{rel}","templated":true}]}}